{"id":1851,"date":"2023-08-25T11:10:18","date_gmt":"2023-08-25T15:10:18","guid":{"rendered":"https:\/\/espace.melri.com\/?p=1851"},"modified":"2023-11-27T15:36:07","modified_gmt":"2023-11-27T20:36:07","slug":"comment-prioriser-ses-taches-une-methode-efficace-pour-y-arriver","status":"publish","type":"post","link":"https:\/\/espace.melri.com\/en\/blogue\/comment-prioriser-ses-taches-une-methode-efficace-pour-y-arriver\/","title":{"rendered":"Comment prioriser ses t\u00e2ches ; une m\u00e9thode efficace pour y arriver"},"content":{"rendered":"<div data-elementor-type=\"wp-post\" data-elementor-id=\"1851\" class=\"elementor elementor-1851\">\n\t\t\t\t\t\t<section class=\"elementor-section elementor-top-section elementor-element elementor-element-91c1f0b elementor-section-boxed elementor-section-height-default elementor-section-height-default\" data-id=\"91c1f0b\" data-element_type=\"section\">\n\t\t\t\t\t\t<div class=\"elementor-container elementor-column-gap-default\">\n\t\t\t\t\t<div class=\"elementor-column elementor-col-100 elementor-top-column elementor-element elementor-element-c5ae8cc\" data-id=\"c5ae8cc\" data-element_type=\"column\">\n\t\t\t<div class=\"elementor-widget-wrap elementor-element-populated\">\n\t\t\t\t\t\t<div class=\"elementor-element elementor-element-4f91f39 elementor-widget elementor-widget-text-editor\" data-id=\"4f91f39\" data-element_type=\"widget\" data-widget_type=\"text-editor.default\">\n\t\t\t\t<div class=\"elementor-widget-container\">\n\t\t\t\t\t\t\t\t\t<p>Jongler avec les multiples t\u00e2ches de la vie quotidienne peut parfois sembler \u00eatre un v\u00e9ritable d\u00e9fi. Entre les responsabilit\u00e9s professionnelles, les engagements personnels et les projets cr\u00e9atifs qui te tiennent \u00e0 c\u0153ur, il peut \u00eatre difficile de trouver l&rsquo;\u00e9quilibre. C&rsquo;est l\u00e0 que la priorisation entre en jeu.<\/p>\n<p>Je te propose ici d\u2019explorer une m\u00e9thode efficace pour naviguer \u00e0 travers cette mar\u00e9e de t\u00e2ches : la matrice d&rsquo;importance-urgence. Cet outil te permettra de concentrer ton \u00e9nergie l\u00e0 o\u00f9 elle est la plus n\u00e9cessaire.<\/p>\n<h3><strong>C\u2019est quoi la matrice d\u2019importance-urgence<\/strong><\/h3>\n<p>La matrice d&rsquo;importance-urgence, conceptualis\u00e9e par Dwight D. Eisenhower, est un outil visuel puissant qui te permet de classer tes t\u00e2ches en fonction de deux facteurs cl\u00e9s : leur importance et leur urgence. En combinant ces deux dimensions, tu obtiens quatre quadrants distincts :<\/p>\n<h4>Quadrant 1 : Important et Urgent<\/h4>\n<p>Ces t\u00e2ches n\u00e9cessitent ton attention\/une action imm\u00e9diate. Elles sont cruciales pour atteindre tes objectifs et ne peuvent pas \u00eatre n\u00e9glig\u00e9es. G\u00e9rer les situations d&rsquo;urgence et les \u00e9ch\u00e9ances imminentes se font dans ce quadrant.<\/p>\n<h4>Quadrant 2 : Important, mais Pas Urgent<\/h4>\n<p>Ces t\u00e2ches ont un impact \u00e0 long terme sur tes objectifs, mais elles ne n\u00e9cessitent pas une action imm\u00e9diate. C&rsquo;est le quadrant de la planification, de la r\u00e9flexion strat\u00e9gique et du d\u00e9veloppement personnel. Investir du temps ici peut \u00e9viter que des t\u00e2ches deviennent urgentes plus tard.<\/p>\n<h4>Quadrant 3 : Pas Important, mais Urgent<\/h4>\n<p>Ce sont souvent des t\u00e2ches qui te d\u00e9routent de tes objectifs. Elles semblent urgentes, mais elles ne contribuent pas vraiment \u00e0 tes projets \u00e0 long terme. Parfois, il est n\u00e9cessaire de les d\u00e9l\u00e9guer ou de les minimiser pour maintenir le focus sur ce qui compte vraiment.<\/p>\n<h4>Quadrant 4 : Pas Important et Pas Urgent<\/h4>\n<p>Ces t\u00e2ches sont g\u00e9n\u00e9ralement des distractions. Elles ne sont ni urgentes ni importantes, et elles peuvent facilement te faire perdre du temps pr\u00e9cieux. R\u00e9duis autant que possible ces \u00e9l\u00e9ments pour lib\u00e9rer du temps pour les t\u00e2ches de haute priorit\u00e9.<\/p>\n<p><\/p>\t\t\t\t\t\t\t\t<\/div>\n\t\t\t\t<\/div>\n\t\t\t\t<div class=\"elementor-element elementor-element-2c27ae0 elementor-widget elementor-widget-image\" data-id=\"2c27ae0\" data-element_type=\"widget\" data-widget_type=\"image.default\">\n\t\t\t\t<div class=\"elementor-widget-container\">\n\t\t\t\t\t\t\t\t\t\t\t\t\t\t\t<img fetchpriority=\"high\" decoding=\"async\" width=\"1024\" height=\"682\" src=\"https:\/\/espace.melri.com\/wp-content\/uploads\/2023\/08\/La-matrice-Eisenhower-min-1024x682.png\" class=\"attachment-large size-large wp-image-1855\" alt=\"La matrice Eisenhower\" srcset=\"https:\/\/espace.melri.com\/wp-content\/uploads\/2023\/08\/La-matrice-Eisenhower-min-1024x682.png 1024w, https:\/\/espace.melri.com\/wp-content\/uploads\/2023\/08\/La-matrice-Eisenhower-min-300x200.png 300w, https:\/\/espace.melri.com\/wp-content\/uploads\/2023\/08\/La-matrice-Eisenhower-min-768x512.png 768w, https:\/\/espace.melri.com\/wp-content\/uploads\/2023\/08\/La-matrice-Eisenhower-min-18x12.png 18w, https:\/\/espace.melri.com\/wp-content\/uploads\/2023\/08\/La-matrice-Eisenhower-min-1140x760.png 1140w, https:\/\/espace.melri.com\/wp-content\/uploads\/2023\/08\/La-matrice-Eisenhower-min-920x613.png 920w, https:\/\/espace.melri.com\/wp-content\/uploads\/2023\/08\/La-matrice-Eisenhower-min-575x383.png 575w, https:\/\/espace.melri.com\/wp-content\/uploads\/2023\/08\/La-matrice-Eisenhower-min-380x253.png 380w, https:\/\/espace.melri.com\/wp-content\/uploads\/2023\/08\/La-matrice-Eisenhower-min-420x280.png 420w, https:\/\/espace.melri.com\/wp-content\/uploads\/2023\/08\/La-matrice-Eisenhower-min-800x533.png 800w, https:\/\/espace.melri.com\/wp-content\/uploads\/2023\/08\/La-matrice-Eisenhower-min.png 1280w\" sizes=\"(max-width: 1024px) 100vw, 1024px\" \/>\t\t\t\t\t\t\t\t\t\t\t\t\t\t\t<\/div>\n\t\t\t\t<\/div>\n\t\t\t\t<div class=\"elementor-element elementor-element-b93f13d elementor-widget elementor-widget-text-editor\" data-id=\"b93f13d\" data-element_type=\"widget\" data-widget_type=\"text-editor.default\">\n\t\t\t\t<div class=\"elementor-widget-container\">\n\t\t\t\t\t\t\t\t\t<h3><strong>Prioriser intelligemment<\/strong><\/h3><p>Maintenant que tu as compris le principe des quadrants, voici comment tu peux mettre la matrice en pratique pour mieux organiser ton quotidien :<\/p><p><strong>Identifie tes t\u00e2ches :<br \/><\/strong>Dresse une liste de toutes les t\u00e2ches que tu as \u00e0 accomplir. Que ce soit pour ton entreprise, tes projets personnels ou ton c\u00f4t\u00e9 cr\u00e9atif, tout compte.<\/p><p><strong>Classe les t\u00e2ches :<br \/><\/strong>Place chaque t\u00e2che dans l&rsquo;un des quadrants en fonction de son niveau d&rsquo;importance et d&rsquo;urgence. Cela t&rsquo;aidera \u00e0 visualiser instantan\u00e9ment o\u00f9 concentrer ton temps et ton \u00e9nergie.<\/p><p><strong>Priorise les quadrants :<br \/><\/strong>Concentre-toi d&rsquo;abord sur les t\u00e2ches du Quadrant 1 (Important et Urgent). Une fois que tu les as pris en charge, dirige-toi vers le Quadrant 2 (Important, mais Pas Urgent), o\u00f9 la planification et la croissance \u00e0 long terme se produisent.<\/p><p><strong>D\u00e9gage du temps :<br \/><\/strong>R\u00e9duis les t\u00e2ches du Quadrant 3 (Pas Important, mais Urgent) en d\u00e9l\u00e9guant ou en les minimisant. \u00c9limine ou r\u00e9duis \u00e9galement les t\u00e2ches du Quadrant 4 (Pas Important et Pas Urgent) pour lib\u00e9rer plus de temps.<strong>\u00a0<\/strong><\/p><p><strong>R\u00e9\u00e9value constamment :<br \/><\/strong>La matrice d&rsquo;importance-urgence n&rsquo;est pas statique. Elle \u00e9volue avec toi. R\u00e9\u00e9value r\u00e9guli\u00e8rement tes t\u00e2ches pour t&rsquo;assurer que tu es toujours align\u00e9 avec tes objectifs \u00e0 court et \u00e0 long terme.<\/p><p>En suivant cette m\u00e9thode, tu pourras \u00e9valuer rapidement o\u00f9 chaque t\u00e2che appartient et prendre des d\u00e9cisions \u00e9clair\u00e9es sur la mani\u00e8re de les aborder. Tu seras en mesure de g\u00e9rer tes t\u00e2ches de mani\u00e8re efficace et de maximiser ton temps pour ce qui compte le plus.<\/p>\t\t\t\t\t\t\t\t<\/div>\n\t\t\t\t<\/div>\n\t\t\t\t<div class=\"elementor-element elementor-element-a9d65d3 elementor-widget-divider--view-line elementor-widget elementor-widget-divider\" data-id=\"a9d65d3\" data-element_type=\"widget\" data-widget_type=\"divider.default\">\n\t\t\t\t<div class=\"elementor-widget-container\">\n\t\t\t\t\t\t\t<div class=\"elementor-divider\">\n\t\t\t<span class=\"elementor-divider-separator\">\n\t\t\t\t\t\t<\/span>\n\t\t<\/div>\n\t\t\t\t\t\t<\/div>\n\t\t\t\t<\/div>\n\t\t\t\t<div class=\"elementor-element elementor-element-ef7675d elementor-widget elementor-widget-text-editor\" data-id=\"ef7675d\" data-element_type=\"widget\" data-widget_type=\"text-editor.default\">\n\t\t\t\t<div class=\"elementor-widget-container\">\n\t\t\t\t\t\t\t\t\t<h3><strong>Comment utiliser la matrice concr\u00e8tement<br \/>(la magie des post-it)<\/strong><\/h3><p>En utilisant des post-it de diff\u00e9rentes couleurs pour chaque quadrant, tu transformes la matrice en un affichage visuel clair. Chaque fois que tu compl\u00e8tes une t\u00e2che, retire le post-it correspondant. Cela te donne une satisfaction instantan\u00e9e et te rappelle constamment tes priorit\u00e9s. N&rsquo;h\u00e9site pas \u00e0 r\u00e9organiser les post-it au fur et \u00e0 mesure que tes priorit\u00e9s \u00e9voluent.<\/p><p>Voil\u00e0 comment tu peux mettre en pratique la matrice d&rsquo;importance-urgence dans ta vie. En voyant tes t\u00e2ches sous forme physique, tu te sentiras plus en contr\u00f4le et mieux \u00e9quip\u00e9e pour naviguer \u00e0 travers les d\u00e9fis quotidiens.<\/p><p>Alors, pr\u00e9pare tes post-it et lance-toi dans une gestion plus efficace de ton temps et de tes projets ! \ud83d\udccc\ud83d\ude80<\/p>\t\t\t\t\t\t\t\t<\/div>\n\t\t\t\t<\/div>\n\t\t\t\t\t<\/div>\n\t\t<\/div>\n\t\t\t\t\t<\/div>\n\t\t<\/section>\n\t\t\t\t<section class=\"elementor-section elementor-top-section elementor-element elementor-element-1544f421 elementor-section-boxed elementor-section-height-default elementor-section-height-default\" data-id=\"1544f421\" data-element_type=\"section\">\n\t\t\t\t\t\t<div class=\"elementor-container elementor-column-gap-default\">\n\t\t\t\t\t<div class=\"elementor-column elementor-col-100 elementor-top-column elementor-element elementor-element-31e7f715\" data-id=\"31e7f715\" data-element_type=\"column\">\n\t\t\t<div class=\"elementor-widget-wrap elementor-element-populated\">\n\t\t\t\t\t\t<div class=\"elementor-element elementor-element-5222cf17 elementor-widget-divider--view-line elementor-widget elementor-widget-divider\" data-id=\"5222cf17\" data-element_type=\"widget\" data-widget_type=\"divider.default\">\n\t\t\t\t<div class=\"elementor-widget-container\">\n\t\t\t\t\t\t\t<div class=\"elementor-divider\">\n\t\t\t<span class=\"elementor-divider-separator\">\n\t\t\t\t\t\t<\/span>\n\t\t<\/div>\n\t\t\t\t\t\t<\/div>\n\t\t\t\t<\/div>\n\t\t\t\t<div class=\"elementor-element elementor-element-1f579dda elementor-widget elementor-widget-button\" data-id=\"1f579dda\" data-element_type=\"widget\" data-widget_type=\"button.default\">\n\t\t\t\t<div class=\"elementor-widget-container\">\n\t\t\t\t\t\t\t\t\t<div class=\"elementor-button-wrapper\">\n\t\t\t\t\t<a class=\"elementor-button elementor-button-link elementor-size-sm\" href=\"https:\/\/espace.melri.com\/en\/blogue\/\">\n\t\t\t\t\t\t<span class=\"elementor-button-content-wrapper\">\n\t\t\t\t\t\t<span class=\"elementor-button-icon\">\n\t\t\t\t<i aria-hidden=\"true\" class=\"fas fa-arrow-circle-left\"><\/i>\t\t\t<\/span>\n\t\t\t\t\t\t\t\t\t<span class=\"elementor-button-text\">Retourner \u00e0 la section Blogue<\/span>\n\t\t\t\t\t<\/span>\n\t\t\t\t\t<\/a>\n\t\t\t\t<\/div>\n\t\t\t\t\t\t\t\t<\/div>\n\t\t\t\t<\/div>\n\t\t\t\t\t<\/div>\n\t\t<\/div>\n\t\t\t\t\t<\/div>\n\t\t<\/section>\n\t\t\t\t<\/div>","protected":false},"excerpt":{"rendered":"<p>Jongler avec les multiples t\u00e2ches de la vie quotidienne peut parfois sembler \u00eatre un v\u00e9ritable d\u00e9fi. Entre les responsabilit\u00e9s professionnelles, les engagements personnels et les projets cr\u00e9atifs qui te tiennent [&hellip;]<\/p>\n","protected":false},"author":1,"featured_media":1938,"comment_status":"open","ping_status":"open","sticky":false,"template":"","format":"standard","meta":{"_jetpack_memberships_contains_paid_content":false,"footnotes":""},"categories":[46],"tags":[],"class_list":["post-1851","post","type-post","status-publish","format-standard","has-post-thumbnail","hentry","category-organisation"],"yoast_head":"<!-- This site is optimized with the Yoast SEO plugin v27.5 - https:\/\/yoast.com\/product\/yoast-seo-wordpress\/ -->\n<title>Comment prioriser ses t\u00e2ches ; une m\u00e9thode efficace pour y arriver - Espace Melri<\/title>\n<meta name=\"description\" content=\"Je te propose d\u2019explorer une m\u00e9thode efficace pour naviguer \u00e0 travers cette mar\u00e9e de t\u00e2ches : la matrice d&#039;importance-urgence.\" \/>\n<meta name=\"robots\" content=\"index, follow, max-snippet:-1, max-image-preview:large, max-video-preview:-1\" \/>\n<link rel=\"canonical\" href=\"https:\/\/espace.melri.com\/en\/blogue\/comment-prioriser-ses-taches-une-methode-efficace-pour-y-arriver\/\" \/>\n<meta property=\"og:locale\" content=\"en_US\" \/>\n<meta property=\"og:type\" content=\"article\" \/>\n<meta property=\"og:title\" content=\"Comment prioriser ses t\u00e2ches ; une m\u00e9thode efficace pour y arriver - Espace Melri\" \/>\n<meta property=\"og:description\" content=\"Je te propose d\u2019explorer une m\u00e9thode efficace pour naviguer \u00e0 travers cette mar\u00e9e de t\u00e2ches : la matrice d&#039;importance-urgence.\" \/>\n<meta property=\"og:url\" content=\"https:\/\/espace.melri.com\/en\/blogue\/comment-prioriser-ses-taches-une-methode-efficace-pour-y-arriver\/\" \/>\n<meta property=\"og:site_name\" content=\"Espace Melri\" \/>\n<meta property=\"article:published_time\" content=\"2023-08-25T15:10:18+00:00\" \/>\n<meta property=\"article:modified_time\" content=\"2023-11-27T20:36:07+00:00\" \/>\n<meta property=\"og:image\" content=\"https:\/\/espace.melri.com\/wp-content\/uploads\/2023\/08\/Comment-prioriser-ses-taches-1-min.png\" \/>\n\t<meta property=\"og:image:width\" content=\"1280\" \/>\n\t<meta property=\"og:image:height\" content=\"853\" \/>\n\t<meta property=\"og:image:type\" content=\"image\/png\" \/>\n<meta name=\"author\" content=\"Melanie\" \/>\n<meta name=\"twitter:card\" content=\"summary_large_image\" \/>\n<meta name=\"twitter:label1\" content=\"Written by\" \/>\n\t<meta name=\"twitter:data1\" content=\"Melanie\" \/>\n\t<meta name=\"twitter:label2\" content=\"Est. reading time\" \/>\n\t<meta name=\"twitter:data2\" content=\"4 minutes\" \/>\n<script type=\"application\/ld+json\" class=\"yoast-schema-graph\">{\"@context\":\"https:\\\/\\\/schema.org\",\"@graph\":[{\"@type\":\"Article\",\"@id\":\"https:\\\/\\\/espace.melri.com\\\/blogue\\\/comment-prioriser-ses-taches-une-methode-efficace-pour-y-arriver\\\/#article\",\"isPartOf\":{\"@id\":\"https:\\\/\\\/espace.melri.com\\\/blogue\\\/comment-prioriser-ses-taches-une-methode-efficace-pour-y-arriver\\\/\"},\"author\":{\"name\":\"Melanie\",\"@id\":\"https:\\\/\\\/espace.melri.com\\\/#\\\/schema\\\/person\\\/497bb30ec1fbab10d1b3f5cf1c00e96f\"},\"headline\":\"Comment prioriser ses t\u00e2ches ; une m\u00e9thode efficace pour y arriver\",\"datePublished\":\"2023-08-25T15:10:18+00:00\",\"dateModified\":\"2023-11-27T20:36:07+00:00\",\"mainEntityOfPage\":{\"@id\":\"https:\\\/\\\/espace.melri.com\\\/blogue\\\/comment-prioriser-ses-taches-une-methode-efficace-pour-y-arriver\\\/\"},\"wordCount\":776,\"commentCount\":0,\"image\":{\"@id\":\"https:\\\/\\\/espace.melri.com\\\/blogue\\\/comment-prioriser-ses-taches-une-methode-efficace-pour-y-arriver\\\/#primaryimage\"},\"thumbnailUrl\":\"https:\\\/\\\/espace.melri.com\\\/wp-content\\\/uploads\\\/2023\\\/08\\\/Comment-prioriser-ses-taches-1-min.png\",\"articleSection\":[\"Organisation\"],\"inLanguage\":\"en-US\",\"potentialAction\":[{\"@type\":\"CommentAction\",\"name\":\"Comment\",\"target\":[\"https:\\\/\\\/espace.melri.com\\\/blogue\\\/comment-prioriser-ses-taches-une-methode-efficace-pour-y-arriver\\\/#respond\"]}]},{\"@type\":\"WebPage\",\"@id\":\"https:\\\/\\\/espace.melri.com\\\/blogue\\\/comment-prioriser-ses-taches-une-methode-efficace-pour-y-arriver\\\/\",\"url\":\"https:\\\/\\\/espace.melri.com\\\/blogue\\\/comment-prioriser-ses-taches-une-methode-efficace-pour-y-arriver\\\/\",\"name\":\"Comment prioriser ses t\u00e2ches ; une m\u00e9thode efficace pour y arriver - Espace Melri\",\"isPartOf\":{\"@id\":\"https:\\\/\\\/espace.melri.com\\\/#website\"},\"primaryImageOfPage\":{\"@id\":\"https:\\\/\\\/espace.melri.com\\\/blogue\\\/comment-prioriser-ses-taches-une-methode-efficace-pour-y-arriver\\\/#primaryimage\"},\"image\":{\"@id\":\"https:\\\/\\\/espace.melri.com\\\/blogue\\\/comment-prioriser-ses-taches-une-methode-efficace-pour-y-arriver\\\/#primaryimage\"},\"thumbnailUrl\":\"https:\\\/\\\/espace.melri.com\\\/wp-content\\\/uploads\\\/2023\\\/08\\\/Comment-prioriser-ses-taches-1-min.png\",\"datePublished\":\"2023-08-25T15:10:18+00:00\",\"dateModified\":\"2023-11-27T20:36:07+00:00\",\"author\":{\"@id\":\"https:\\\/\\\/espace.melri.com\\\/#\\\/schema\\\/person\\\/497bb30ec1fbab10d1b3f5cf1c00e96f\"},\"description\":\"Je te propose d\u2019explorer une m\u00e9thode efficace pour naviguer \u00e0 travers cette mar\u00e9e de t\u00e2ches : la matrice d'importance-urgence.\",\"inLanguage\":\"en-US\",\"potentialAction\":[{\"@type\":\"ReadAction\",\"target\":[\"https:\\\/\\\/espace.melri.com\\\/blogue\\\/comment-prioriser-ses-taches-une-methode-efficace-pour-y-arriver\\\/\"]}]},{\"@type\":\"ImageObject\",\"inLanguage\":\"en-US\",\"@id\":\"https:\\\/\\\/espace.melri.com\\\/blogue\\\/comment-prioriser-ses-taches-une-methode-efficace-pour-y-arriver\\\/#primaryimage\",\"url\":\"https:\\\/\\\/espace.melri.com\\\/wp-content\\\/uploads\\\/2023\\\/08\\\/Comment-prioriser-ses-taches-1-min.png\",\"contentUrl\":\"https:\\\/\\\/espace.melri.com\\\/wp-content\\\/uploads\\\/2023\\\/08\\\/Comment-prioriser-ses-taches-1-min.png\",\"width\":1280,\"height\":853,\"caption\":\"Comment prioriser ses ta\u0302ches\"},{\"@type\":\"WebSite\",\"@id\":\"https:\\\/\\\/espace.melri.com\\\/#website\",\"url\":\"https:\\\/\\\/espace.melri.com\\\/\",\"name\":\"Espace Melri\",\"description\":\"Inspire, Organise et Planifie... ton quotidien\",\"potentialAction\":[{\"@type\":\"SearchAction\",\"target\":{\"@type\":\"EntryPoint\",\"urlTemplate\":\"https:\\\/\\\/espace.melri.com\\\/?s={search_term_string}\"},\"query-input\":{\"@type\":\"PropertyValueSpecification\",\"valueRequired\":true,\"valueName\":\"search_term_string\"}}],\"inLanguage\":\"en-US\"},{\"@type\":\"Person\",\"@id\":\"https:\\\/\\\/espace.melri.com\\\/#\\\/schema\\\/person\\\/497bb30ec1fbab10d1b3f5cf1c00e96f\",\"name\":\"Melanie\",\"image\":{\"@type\":\"ImageObject\",\"inLanguage\":\"en-US\",\"@id\":\"https:\\\/\\\/secure.gravatar.com\\\/avatar\\\/166326c6c97b2acdec91c2413c06f2885039a442c6d7f26ff3053d40b0b258f4?s=96&d=mm&r=g\",\"url\":\"https:\\\/\\\/secure.gravatar.com\\\/avatar\\\/166326c6c97b2acdec91c2413c06f2885039a442c6d7f26ff3053d40b0b258f4?s=96&d=mm&r=g\",\"contentUrl\":\"https:\\\/\\\/secure.gravatar.com\\\/avatar\\\/166326c6c97b2acdec91c2413c06f2885039a442c6d7f26ff3053d40b0b258f4?s=96&d=mm&r=g\",\"caption\":\"Melanie\"},\"url\":\"https:\\\/\\\/espace.melri.com\\\/en\\\/blogue\\\/author\\\/melanie\\\/\"}]}<\/script>\n<!-- \/ Yoast SEO plugin. -->","yoast_head_json":{"title":"Comment prioriser ses t\u00e2ches ; une m\u00e9thode efficace pour y arriver - Espace Melri","description":"Je te propose d\u2019explorer une m\u00e9thode efficace pour naviguer \u00e0 travers cette mar\u00e9e de t\u00e2ches : la matrice d'importance-urgence.","robots":{"index":"index","follow":"follow","max-snippet":"max-snippet:-1","max-image-preview":"max-image-preview:large","max-video-preview":"max-video-preview:-1"},"canonical":"https:\/\/espace.melri.com\/en\/blogue\/comment-prioriser-ses-taches-une-methode-efficace-pour-y-arriver\/","og_locale":"en_US","og_type":"article","og_title":"Comment prioriser ses t\u00e2ches ; une m\u00e9thode efficace pour y arriver - Espace Melri","og_description":"Je te propose d\u2019explorer une m\u00e9thode efficace pour naviguer \u00e0 travers cette mar\u00e9e de t\u00e2ches : la matrice d'importance-urgence.","og_url":"https:\/\/espace.melri.com\/en\/blogue\/comment-prioriser-ses-taches-une-methode-efficace-pour-y-arriver\/","og_site_name":"Espace Melri","article_published_time":"2023-08-25T15:10:18+00:00","article_modified_time":"2023-11-27T20:36:07+00:00","og_image":[{"width":1280,"height":853,"url":"https:\/\/espace.melri.com\/wp-content\/uploads\/2023\/08\/Comment-prioriser-ses-taches-1-min.png","type":"image\/png"}],"author":"Melanie","twitter_card":"summary_large_image","twitter_misc":{"Written by":"Melanie","Est. reading time":"4 minutes"},"schema":{"@context":"https:\/\/schema.org","@graph":[{"@type":"Article","@id":"https:\/\/espace.melri.com\/blogue\/comment-prioriser-ses-taches-une-methode-efficace-pour-y-arriver\/#article","isPartOf":{"@id":"https:\/\/espace.melri.com\/blogue\/comment-prioriser-ses-taches-une-methode-efficace-pour-y-arriver\/"},"author":{"name":"Melanie","@id":"https:\/\/espace.melri.com\/#\/schema\/person\/497bb30ec1fbab10d1b3f5cf1c00e96f"},"headline":"Comment prioriser ses t\u00e2ches ; une m\u00e9thode efficace pour y arriver","datePublished":"2023-08-25T15:10:18+00:00","dateModified":"2023-11-27T20:36:07+00:00","mainEntityOfPage":{"@id":"https:\/\/espace.melri.com\/blogue\/comment-prioriser-ses-taches-une-methode-efficace-pour-y-arriver\/"},"wordCount":776,"commentCount":0,"image":{"@id":"https:\/\/espace.melri.com\/blogue\/comment-prioriser-ses-taches-une-methode-efficace-pour-y-arriver\/#primaryimage"},"thumbnailUrl":"https:\/\/espace.melri.com\/wp-content\/uploads\/2023\/08\/Comment-prioriser-ses-taches-1-min.png","articleSection":["Organisation"],"inLanguage":"en-US","potentialAction":[{"@type":"CommentAction","name":"Comment","target":["https:\/\/espace.melri.com\/blogue\/comment-prioriser-ses-taches-une-methode-efficace-pour-y-arriver\/#respond"]}]},{"@type":"WebPage","@id":"https:\/\/espace.melri.com\/blogue\/comment-prioriser-ses-taches-une-methode-efficace-pour-y-arriver\/","url":"https:\/\/espace.melri.com\/blogue\/comment-prioriser-ses-taches-une-methode-efficace-pour-y-arriver\/","name":"Comment prioriser ses t\u00e2ches ; une m\u00e9thode efficace pour y arriver - Espace Melri","isPartOf":{"@id":"https:\/\/espace.melri.com\/#website"},"primaryImageOfPage":{"@id":"https:\/\/espace.melri.com\/blogue\/comment-prioriser-ses-taches-une-methode-efficace-pour-y-arriver\/#primaryimage"},"image":{"@id":"https:\/\/espace.melri.com\/blogue\/comment-prioriser-ses-taches-une-methode-efficace-pour-y-arriver\/#primaryimage"},"thumbnailUrl":"https:\/\/espace.melri.com\/wp-content\/uploads\/2023\/08\/Comment-prioriser-ses-taches-1-min.png","datePublished":"2023-08-25T15:10:18+00:00","dateModified":"2023-11-27T20:36:07+00:00","author":{"@id":"https:\/\/espace.melri.com\/#\/schema\/person\/497bb30ec1fbab10d1b3f5cf1c00e96f"},"description":"Je te propose d\u2019explorer une m\u00e9thode efficace pour naviguer \u00e0 travers cette mar\u00e9e de t\u00e2ches : la matrice d'importance-urgence.","inLanguage":"en-US","potentialAction":[{"@type":"ReadAction","target":["https:\/\/espace.melri.com\/blogue\/comment-prioriser-ses-taches-une-methode-efficace-pour-y-arriver\/"]}]},{"@type":"ImageObject","inLanguage":"en-US","@id":"https:\/\/espace.melri.com\/blogue\/comment-prioriser-ses-taches-une-methode-efficace-pour-y-arriver\/#primaryimage","url":"https:\/\/espace.melri.com\/wp-content\/uploads\/2023\/08\/Comment-prioriser-ses-taches-1-min.png","contentUrl":"https:\/\/espace.melri.com\/wp-content\/uploads\/2023\/08\/Comment-prioriser-ses-taches-1-min.png","width":1280,"height":853,"caption":"Comment prioriser ses ta\u0302ches"},{"@type":"WebSite","@id":"https:\/\/espace.melri.com\/#website","url":"https:\/\/espace.melri.com\/","name":"Espace Melri","description":"Inspire, Organise et Planifie... ton quotidien","potentialAction":[{"@type":"SearchAction","target":{"@type":"EntryPoint","urlTemplate":"https:\/\/espace.melri.com\/?s={search_term_string}"},"query-input":{"@type":"PropertyValueSpecification","valueRequired":true,"valueName":"search_term_string"}}],"inLanguage":"en-US"},{"@type":"Person","@id":"https:\/\/espace.melri.com\/#\/schema\/person\/497bb30ec1fbab10d1b3f5cf1c00e96f","name":"Melanie","image":{"@type":"ImageObject","inLanguage":"en-US","@id":"https:\/\/secure.gravatar.com\/avatar\/166326c6c97b2acdec91c2413c06f2885039a442c6d7f26ff3053d40b0b258f4?s=96&d=mm&r=g","url":"https:\/\/secure.gravatar.com\/avatar\/166326c6c97b2acdec91c2413c06f2885039a442c6d7f26ff3053d40b0b258f4?s=96&d=mm&r=g","contentUrl":"https:\/\/secure.gravatar.com\/avatar\/166326c6c97b2acdec91c2413c06f2885039a442c6d7f26ff3053d40b0b258f4?s=96&d=mm&r=g","caption":"Melanie"},"url":"https:\/\/espace.melri.com\/en\/blogue\/author\/melanie\/"}]}},"jetpack_featured_media_url":"https:\/\/espace.melri.com\/wp-content\/uploads\/2023\/08\/Comment-prioriser-ses-taches-1-min.png","jetpack_sharing_enabled":true,"_links":{"self":[{"href":"https:\/\/espace.melri.com\/en\/wp-json\/wp\/v2\/posts\/1851","targetHints":{"allow":["GET"]}}],"collection":[{"href":"https:\/\/espace.melri.com\/en\/wp-json\/wp\/v2\/posts"}],"about":[{"href":"https:\/\/espace.melri.com\/en\/wp-json\/wp\/v2\/types\/post"}],"author":[{"embeddable":true,"href":"https:\/\/espace.melri.com\/en\/wp-json\/wp\/v2\/users\/1"}],"replies":[{"embeddable":true,"href":"https:\/\/espace.melri.com\/en\/wp-json\/wp\/v2\/comments?post=1851"}],"version-history":[{"count":10,"href":"https:\/\/espace.melri.com\/en\/wp-json\/wp\/v2\/posts\/1851\/revisions"}],"predecessor-version":[{"id":2120,"href":"https:\/\/espace.melri.com\/en\/wp-json\/wp\/v2\/posts\/1851\/revisions\/2120"}],"wp:featuredmedia":[{"embeddable":true,"href":"https:\/\/espace.melri.com\/en\/wp-json\/wp\/v2\/media\/1938"}],"wp:attachment":[{"href":"https:\/\/espace.melri.com\/en\/wp-json\/wp\/v2\/media?parent=1851"}],"wp:term":[{"taxonomy":"category","embeddable":true,"href":"https:\/\/espace.melri.com\/en\/wp-json\/wp\/v2\/categories?post=1851"},{"taxonomy":"post_tag","embeddable":true,"href":"https:\/\/espace.melri.com\/en\/wp-json\/wp\/v2\/tags?post=1851"}],"curies":[{"name":"wp","href":"https:\/\/api.w.org\/{rel}","templated":true}]}}